{"id":961,"date":"2016-09-27T16:31:44","date_gmt":"2016-09-27T14:31:44","guid":{"rendered":"http:\/\/collectif-oxygene.fr\/?p=961"},"modified":"2016-11-18T18:11:47","modified_gmt":"2016-11-18T16:11:47","slug":"appel-urgent-a-tous-nos-sympathisants","status":"publish","type":"post","link":"https:\/\/collectif-oxygene.fr\/?p=961","title":{"rendered":"Appel urgent \u00e0 tous nos sympathisants !"},"content":{"rendered":"<p class=\"western\">Ch\u00e8res lectrices, chers lecteurs,<\/p>\n<p class=\"western\"><span lang=\"fr-FR\">Nombreuses et nombreux sont les personnes qui ont exprim\u00e9 leur opposition <\/span><span lang=\"fr-FR\">au projet de lotissement commercial Oxylane, pr\u00e9vu sur 24 ha de terres cultiv\u00e9es ou naturelles, sur la commune de Saint-Cl\u00e9ment-de-Rivi\u00e8re en bordure nord de la M\u00e9tropole de Montpellier. Certain-e-s d&rsquo;entre vous ont d\u00e9j\u00e0 contribu\u00e9 \u00e0 notre souscription de soutien aux recours juridiques, <\/span><span lang=\"fr-FR\">y compris ces derniers jours par le biais de l&rsquo;appel aux signataires de la <a class=\"western\" href=\"http:\/\/www.petitions24.net\/contre_limplantation_du_village_oxylane_a_st_clement_de_riviere\" target=\"_blank\">p\u00e9tition en ligne<\/a><\/span><span lang=\"fr-FR\">. Pour toutes ces marques de soutien, nous vous remercions, elles nous encouragent et nous permettent de mener les actions permettant de faire obstacle \u00e0 ce projet. <\/span><\/p>\n<p class=\"western\"><span lang=\"fr-FR\"><b>Aujourd&rsquo;hui notre combat entre dans une phase critique\u00a0!<\/b><\/span><span lang=\"fr-FR\"> En effet, l&rsquo;association SOS-Lez-Environnement, qui porte les recours en justice contre ce projet au nom du collectif Oxyg\u00e8ne, <\/span><span style=\"color: #000080;\"><u><a class=\"western\" href=\"http:\/\/collectif-oxygene.fr\/?p=916\" target=\"_blank\"><span lang=\"fr-FR\">a \u00e9t\u00e9 condamn\u00e9e en juillet par la Cour d&rsquo;Administrative d&rsquo;Appel de Marseille<\/span><\/a><\/u><\/span><span lang=\"fr-FR\"> \u2013 contre l&rsquo;avis de son rapporteur public\u00a0! &#8211; et doit payer des frais importants (4 500\u20ac) aux trois enseignes dont nous contestions l&rsquo;autorisation d&rsquo;exploitation commerciale. <\/span><\/p>\n<p class=\"western\">Nous pouvons encore assumer cette condamnation, mais la suite de notre combat repose en grande partie sur la possibilit\u00e9 de poursuivre les actions judiciaires d\u00e9j\u00e0 engag\u00e9es (recours contre le permis d&rsquo;am\u00e9nager) et d&rsquo;en engager de nouveaux (notamment contre l&rsquo;arr\u00eat\u00e9 pr\u00e9fectoral d&rsquo;autorisation au titre de la loi sur l&rsquo;eau).<\/p>\n<p class=\"western\"><b>Faute de soutien financier, nous pourrions \u00eatre contraints d&rsquo;abandonner le combat, l\u2019association SOS-Lez-Environnement ne pouvant assumer seule la charge financi\u00e8re\u00a0! <\/b><\/p>\n<p class=\"western\">Or, les recours engag\u00e9s et \u00e0 venir sont extr\u00eamement importants. Au del\u00e0 des arguments de fond mettant en \u00e9vidence les faiblesses de ce projet, ils ont jusqu&rsquo;\u00e0 pr\u00e9sent r\u00e9ussi \u00e0 \u00ab\u00a0bloquer\u00a0\u00bb le projet, les promoteurs ne souhaitant vraisemblablement pas s&rsquo;engager avant que ceux-ci soient purg\u00e9s.<\/p>\n<p class=\"western\">Dans un article r\u00e9cent paru dans Midi Libre (13 septembre) les responsables de D\u00e9cathlon se disent \u00ab\u00a0<i>en capacit\u00e9 de lancer l&rsquo;op\u00e9ration <\/i><i><b>une fois le feu vert donn\u00e9 par la justice<\/b><\/i><i>\u00a0<\/i>\u00bb.<\/p>\n<p class=\"western\"><b>Il faut donc tenir\u00a0! Et pour cela, votre soutien est indispensable\u00a0!<\/b><\/p>\n<p class=\"western\"><strong><a class=\"western\" href=\"http:\/\/www.helloasso.com\/associations\/sos-lez-environnement\/collectes\/non-oxylane-st-clement\" target=\"_blank\"><span style=\"color: #ff0000;\"><span lang=\"fr-FR\">Soit en ligne<\/span><\/span><\/a><\/strong><strong><span lang=\"fr-FR\"> sur le site \u00ab\u00a0Hello Asso\u00a0\u00bb (<a class=\"western\" href=\"http:\/\/www.helloasso.com\/associations\/sos-lez-environnement\/collectes\/non-oxylane-st-clement\" target=\"_blank\">lien ici<\/a>)<\/span><\/strong><\/p>\n<p class=\"western\"><strong><span style=\"color: #ff0000;\"><span lang=\"fr-FR\">Soit directement par ch\u00e8que<\/span><\/span><\/strong><strong><span lang=\"fr-FR\"> \u00e0 l\u2019ordre de \u00ab\u00a0SOS Lez Environnement\u00a0\u00bb<\/span><\/strong><span lang=\"fr-FR\">, en \u00e9crivant au dos le mot \u00ab\u00a0OXYLANE\u00a0\u00bb (envoyer les ch\u00e8ques \u00e0 la tr\u00e9sori\u00e8re\u00a0: Fran\u00e7oise H\u00e9lary 1943 Boulevard de la Lironde 34980 Montferrier-sur-Lez).<\/span><\/p>\n<p class=\"western\">Il serait trop dommage d&rsquo;\u00eatre contraint \u00e0 l&rsquo;abandon pour des raisons financi\u00e8res\u00a0! D&rsquo;autant plus que les responsables du projet annoncent, en conclusions de l&rsquo;article cit\u00e9, que le d\u00e9marrage du projet \u00ab\u00a0<i>pourra attendre <\/i><i><b>au plus tard jusqu\u2019en 2019<\/b><\/i>\u00a0\u00bb<\/p>\n<p class=\"western\"><span lang=\"fr-FR\">Raisons de plus pour tenir ces trois ans\u00a0! <\/span><span style=\"color: #000080;\"><u><a class=\"western\" href=\"http:\/\/www.helloasso.com\/associations\/sos-lez-environnement\/collectes\/non-oxylane-st-clement\" target=\"_blank\"><span lang=\"fr-FR\"><b>Ce sera possible gr\u00e2ce \u00e0 votre soutien\u00a0! <\/b><\/span><\/a><\/u><\/span><\/p>\n<p class=\"western\">L&rsquo;issue de ce combat repose donc en grande partie sur vous\u00a0! Si chacun-e- des 3 000 signataires contribue \u2013 m\u00eame modestement\u00a0: minimum 5\u20ac\u00a0!\u2013 nous pourrons engager ces nouveaux recours\u00a0: contre l&rsquo;arr\u00eat\u00e9 pr\u00e9fectoral d&rsquo;autorisation au titre de la loi sur l&rsquo;eau, contre les futurs permis de construire (lorsqu\u2019ils seront d\u00e9livr\u00e9s), en r\u00e9f\u00e9r\u00e9 si les travaux commen\u00e7aient \u2013 car les conditions l\u00e9gales ne sont pas toutes remplies \u2013 voire en appel si nous perdions en premi\u00e8re instance contre le permis d&rsquo;am\u00e9nager.<\/p>\n<p class=\"western\"><b>Nous comptons sur votre engagement\u00a0! L&rsquo;abandon de ce projet favoriserait le reclassement de ces terrains en zone agricole, enjeu fondamental dans cet environnement p\u00e9ri-urbain <\/b>(la commune de Saint-Cl\u00e9ment vient de commencer l&rsquo;\u00e9laboration de son PLU).<\/p>\n<p class=\"western\"><b>Au contraire, la r\u00e9alisation de ce projet aurait pour cons\u00e9quence une b\u00e9tonisation irr\u00e9versible\u00a0et galopante! Ce g\u00e2chis est inacceptable, tous ensemble nous pouvons emp\u00eacher que l&rsquo;irr\u00e9parable se commette.<\/b><\/p>\n<p class=\"western\">Nous vous rappelons que vos dons b\u00e9n\u00e9ficient d&rsquo;une r\u00e9duction d&rsquo;imp\u00f4t \u00e9gale \u00e0 66\u00a0% du montant vers\u00e9.<\/p>\n<p class=\"western\"><b>D&rsquo;avance, nous vous remercions\u00a0!<\/b><\/p>\n<p class=\"western\"><span style=\"color: #000080;\"><span style=\"color: #000000;\"><span lang=\"fr-FR\">nb : si vous avez d\u00e9j\u00e0 re\u00e7u cet appel en tant que signataire de la p\u00e9tition en ligne, veuillez nous excuser pour ce doublon.<\/span><\/span><\/span><\/p>\n","protected":false},"excerpt":{"rendered":"<p>Ch\u00e8res lectrices, chers lecteurs, Nombreuses et nombreux sont les personnes qui ont exprim\u00e9 leur opposition au projet de lotissement commercial Oxylane, pr\u00e9vu sur 24 ha de terres cultiv\u00e9es ou naturelles, sur la commune de Saint-Cl\u00e9ment-de-Rivi\u00e8re en bordure nord de la M\u00e9tropole de Montpellier. Certain-e-s d&rsquo;entre vous ont d\u00e9j\u00e0 contribu\u00e9 \u00e0 notre souscription de soutien aux [&hellip;]<\/p>\n","protected":false},"author":1,"featured_media":0,"comment_status":"open","ping_status":"open","sticky":false,"template":"","format":"standard","meta":{"footnotes":""},"categories":[7,24],"tags":[],"class_list":["post-961","post","type-post","status-publish","format-standard","hentry","category-actions","category-souscription"],"jetpack_featured_media_url":"","_links":{"self":[{"href":"https:\/\/collectif-oxygene.fr\/index.php?rest_route=\/wp\/v2\/posts\/961","targetHints":{"allow":["GET"]}}],"collection":[{"href":"https:\/\/collectif-oxygene.fr\/index.php?rest_route=\/wp\/v2\/posts"}],"about":[{"href":"https:\/\/collectif-oxygene.fr\/index.php?rest_route=\/wp\/v2\/types\/post"}],"author":[{"embeddable":true,"href":"https:\/\/collectif-oxygene.fr\/index.php?rest_route=\/wp\/v2\/users\/1"}],"replies":[{"embeddable":true,"href":"https:\/\/collectif-oxygene.fr\/index.php?rest_route=%2Fwp%2Fv2%2Fcomments&post=961"}],"version-history":[{"count":1,"href":"https:\/\/collectif-oxygene.fr\/index.php?rest_route=\/wp\/v2\/posts\/961\/revisions"}],"predecessor-version":[{"id":962,"href":"https:\/\/collectif-oxygene.fr\/index.php?rest_route=\/wp\/v2\/posts\/961\/revisions\/962"}],"wp:attachment":[{"href":"https:\/\/collectif-oxygene.fr\/index.php?rest_route=%2Fwp%2Fv2%2Fmedia&parent=961"}],"wp:term":[{"taxonomy":"category","embeddable":true,"href":"https:\/\/collectif-oxygene.fr\/index.php?rest_route=%2Fwp%2Fv2%2Fcategories&post=961"},{"taxonomy":"post_tag","embeddable":true,"href":"https:\/\/collectif-oxygene.fr\/index.php?rest_route=%2Fwp%2Fv2%2Ftags&post=961"}],"curies":[{"name":"wp","href":"https:\/\/api.w.org\/{rel}","templated":true}]}}