{"id":2842,"date":"2021-11-25T13:30:27","date_gmt":"2021-11-25T11:30:27","guid":{"rendered":"https:\/\/collectif-oxygene.fr\/?p=2842"},"modified":"2022-01-06T23:48:16","modified_gmt":"2022-01-06T21:48:16","slug":"le-5-decembre-fetons-ensemble-la-victoire-sur-oxylane","status":"publish","type":"post","link":"https:\/\/collectif-oxygene.fr\/?p=2842","title":{"rendered":"Le 5 d\u00e9cembre f\u00eatons ensemble la victoire sur Oxylane"},"content":{"rendered":"<p><span style=\"color: #ff0000;\"><strong>Derni\u00e8re minute : le rendez-vous et le pique-nique auront lieu sur la pelouse de Bissy, juste en face du terrain (l\u00e0 o\u00f9 plusieurs rassemblements du Collectif ont d\u00e9j\u00e0 eu lieu).<\/strong><\/span><a href=\"https:\/\/collectif-oxygene.fr\/?attachment_id=2845\" rel=\"attachment wp-att-2845\"><img decoding=\"async\" class=\"alignnone size-full wp-image-2845\" src=\"https:\/\/collectif-oxygene.fr\/wp-content\/uploads\/2021\/11\/flyer_fete_victoire-page001.png\" alt=\"\" width=\"1240\" height=\"1754\" srcset=\"https:\/\/collectif-oxygene.fr\/wp-content\/uploads\/2021\/11\/flyer_fete_victoire-page001.png 1240w, https:\/\/collectif-oxygene.fr\/wp-content\/uploads\/2021\/11\/flyer_fete_victoire-page001-212x300.png 212w, https:\/\/collectif-oxygene.fr\/wp-content\/uploads\/2021\/11\/flyer_fete_victoire-page001-724x1024.png 724w, https:\/\/collectif-oxygene.fr\/wp-content\/uploads\/2021\/11\/flyer_fete_victoire-page001-768x1086.png 768w, https:\/\/collectif-oxygene.fr\/wp-content\/uploads\/2021\/11\/flyer_fete_victoire-page001-1086x1536.png 1086w, https:\/\/collectif-oxygene.fr\/wp-content\/uploads\/2021\/11\/flyer_fete_victoire-page001-624x883.png 624w\" sizes=\"(max-width: 1240px) 100vw, 1240px\" \/><\/a><\/p>\n<p style=\"text-align: center;\"><span style=\"font-size: 12pt; color: #ff0000;\"><strong>INFORMATIONS PRATIQUES<\/strong><\/span><!--more--><\/p>\n<p><strong>Programme <\/strong><\/p>\n<ul>\n<li><strong>12h30 : Ouverture<\/strong>, par le Collectif Oxyg\u00e8ne<\/li>\n<li><strong>13h \u00e0 14h : Pique-Nique tir\u00e9 du sac<\/strong>. Vous trouverez sur place (\u00e0 prix libre) : Boissons froides ou chaudes (bi\u00e8re, jus de pomme, vin chaud, th\u00e9, caf\u00e9) ; ch\u00e2taignes grill\u00e9es (\u00e0 confirmer)<\/li>\n<li><strong>14h : C\u00e9l\u00e9bration de\u00a0 la mobilisation contre le projet Oxylane<\/strong> : banderole humaine (grand cercle symbolisant le O d&rsquo;Oxyg\u00e8ne), et prise de parole d\u2019autres luttes contre des projets destructeurs de terres agricoles et naturelles<\/li>\n<li><strong>15h : Musique!<\/strong> Nous palpiterons aux rythmes d&rsquo;un steelband<\/li>\n<li><strong>16h30 :\u00a0 Dernier rassemblement<\/strong> avant de se s\u00e9parer<\/li>\n<\/ul>\n<p><span style=\"font-size: 12pt;\"><strong>Acc\u00e8s<\/strong><\/span><\/p>\n<p><span style=\"color: #ff0000;\"><strong>Derni\u00e8re minute : le rendez-vous et le pique-nique auront lieu sur la pelouse de Bissy, juste en face du terrain (l\u00e0 o\u00f9 plusieurs rassemblements du Collectif ont d\u00e9j\u00e0 eu lieu).<\/strong> <\/span><\/p>\n<p><strong>Localisation<\/strong><\/p>\n<div id=\"attachment_1316\" class=\"wp-caption alignnone\" style=\"width: 433px;\">\n<p><a href=\"https:\/\/collectif-oxygene.fr\/?attachment_id=2864\" rel=\"attachment wp-att-2864\"><img decoding=\"async\" class=\"alignnone size-full wp-image-2864\" src=\"https:\/\/collectif-oxygene.fr\/wp-content\/uploads\/2021\/12\/localisation-1024x707-1.png\" alt=\"\" width=\"1024\" height=\"707\" srcset=\"https:\/\/collectif-oxygene.fr\/wp-content\/uploads\/2021\/12\/localisation-1024x707-1.png 1024w, https:\/\/collectif-oxygene.fr\/wp-content\/uploads\/2021\/12\/localisation-1024x707-1-300x207.png 300w, https:\/\/collectif-oxygene.fr\/wp-content\/uploads\/2021\/12\/localisation-1024x707-1-768x530.png 768w, https:\/\/collectif-oxygene.fr\/wp-content\/uploads\/2021\/12\/localisation-1024x707-1-624x431.png 624w\" sizes=\"(max-width: 1024px) 100vw, 1024px\" \/><\/a><em><span style=\"font-size: 10pt;\">Plan de situation Oxylane (Fontanelles)\u00a0\u00a0\u00a0\u00a0\u00a0\u00a0\u00a0\u00a0\u00a0 <\/span><span style=\"font-size: 10pt;\">Lieu du rassemblement<br \/>\n<\/span><\/em><em><span style=\"font-size: 10pt;\">\u00a0\u00a0\u00a0\u00a0\u00a0\u00a0\u00a0\u00a0\u00a0\u00a0\u00a0\u00a0\u00a0\u00a0\u00a0\u00a0\u00a0\u00a0\u00a0\u00a0\u00a0\u00a0\u00a0\u00a0\u00a0\u00a0\u00a0\u00a0\u00a0\u00a0\u00a0\u00a0\u00a0\u00a0\u00a0\u00a0\u00a0\u00a0\u00a0\u00a0\u00a0\u00a0\u00a0\u00a0\u00a0\u00a0\u00a0\u00a0\u00a0\u00a0\u00a0\u00a0\u00a0\u00a0\u00a0\u00a0\u00a0\u00a0\u00a0\u00a0\u00a0\u00a0\u00a0\u00a0\u00a0\u00a0\u00a0\u00a0\u00a0\u00a0\u00a0\u00a0\u00a0\u00a0\u00a0\u00a0 43.655612\u00a0\u00a0 3.836774<br \/>\n<\/span><\/em><\/p>\n<p><strong>Modes d&rsquo;acc\u00e8s et stationnement<\/strong><\/p>\n<ul>\n<li><strong>Pour venir :<br \/>\n<\/strong><strong>\u2013 En v\u00e9lo : <a href=\"https:\/\/collectif-oxygene.fr\/wp-content\/uploads\/2021\/03\/iti_velos.png\" target=\"_blank\" rel=\"noopener\">voir itin\u00e9raires ici <\/a><\/strong>depuis Montpellier (tram Eurom\u00e9decine), Saint-tCl\u00e9ment-de-Rivi\u00e8re, Prades-le-lez, Montferrier-sur-Lez, Jacou-Clapiers, Grabels<\/li>\n<\/ul>\n<p><strong>\u2013 Transports en commun : pas de bus le dimanche, ou horaires inadapt\u00e9s. L<\/strong>ignes les plus proches : 24 arr\u00eat Grabels La Valsi\u00e8re, depuis Tram Eurom\u00e9decine. Ligne 26 arr\u00eat Montferrier Quatre Chemins, depuis Tram Occitanie.<\/p>\n<p><b>&#8211; Si vous venez en voiture <\/b>: Essayez le co-voiturage. points de rendez-vous Tram les plus proches : Occitanie ou Eurpom\u00e9decine (T1)<\/p>\n<p><u>Stationnement impossible le long de la RD 127<\/u> qui longe le terrain : la route est bord\u00e9e de bandes cyclables, <strong>y stationner met en danger la vie des cyclistes, <\/strong>verbalisation probable.<\/p>\n<p><strong>Parkings \u00e0 proximit\u00e9<\/strong> : 200 \u00e0 500m au dessus du lieu de rassemblement (voir carte ci-dessous)<\/p>\n<p><a href=\"https:\/\/collectif-oxygene.fr\/?attachment_id=2867\" rel=\"attachment wp-att-2867\"><img decoding=\"async\" class=\"alignnone size-full wp-image-2867\" src=\"https:\/\/collectif-oxygene.fr\/wp-content\/uploads\/2021\/12\/no_parking.png\" alt=\"\" width=\"774\" height=\"794\" srcset=\"https:\/\/collectif-oxygene.fr\/wp-content\/uploads\/2021\/12\/no_parking.png 774w, https:\/\/collectif-oxygene.fr\/wp-content\/uploads\/2021\/12\/no_parking-292x300.png 292w, https:\/\/collectif-oxygene.fr\/wp-content\/uploads\/2021\/12\/no_parking-768x788.png 768w, https:\/\/collectif-oxygene.fr\/wp-content\/uploads\/2021\/12\/no_parking-624x640.png 624w\" sizes=\"(max-width: 774px) 100vw, 774px\" \/><\/a><\/p>\n<p><strong>Un peu plus loin dans le quartier de la Valsi\u00e8re, \u00e0 Grabels :<\/strong> <span style=\"color: #ff0000;\">Nouveau parking du magasin Grand Frais 89 rue de la Valsi\u00e8re Grabels<\/span>, et les rues adjacebntes : rues B\u00e9atrice Portinari, Dante Alighieri, Impasse Virgile. Puis rejoindre le lieu de l\u2019action \u00e0 pied (environ 500m, cheminement sur trottoirs et bandes cyclables. Pr\u00e9voir 10 minutes).<\/p>\n<p>&nbsp;<\/p>\n<p><strong><span style=\"font-size: 10pt;\"><em>\u00a0<\/em><span style=\"font-size: 14pt;\">Equipements<\/span><\/span><\/strong><\/p>\n<p>Pr\u00e9voir v\u00eatements chauds (\u00e9v\u00e9nement en plein air), et chaussures ne craignant pas le terrain naturel. Si possible, pr\u00e9voir une b\u00e2che pour poser au sol, ou amener son si\u00e8ge (risque de sol humide).<\/p>\n<\/div>\n","protected":false},"excerpt":{"rendered":"<p>Derni\u00e8re minute : le rendez-vous et le pique-nique auront lieu sur la pelouse de Bissy, juste en face du terrain (l\u00e0 o\u00f9 plusieurs rassemblements du Collectif ont d\u00e9j\u00e0 eu lieu). INFORMATIONS PRATIQUES<\/p>\n","protected":false},"author":1,"featured_media":0,"comment_status":"open","ping_status":"open","sticky":false,"template":"","format":"standard","meta":{"footnotes":""},"categories":[7,10],"tags":[],"class_list":["post-2842","post","type-post","status-publish","format-standard","hentry","category-actions","category-terrain"],"jetpack_featured_media_url":"","_links":{"self":[{"href":"https:\/\/collectif-oxygene.fr\/index.php?rest_route=\/wp\/v2\/posts\/2842","targetHints":{"allow":["GET"]}}],"collection":[{"href":"https:\/\/collectif-oxygene.fr\/index.php?rest_route=\/wp\/v2\/posts"}],"about":[{"href":"https:\/\/collectif-oxygene.fr\/index.php?rest_route=\/wp\/v2\/types\/post"}],"author":[{"embeddable":true,"href":"https:\/\/collectif-oxygene.fr\/index.php?rest_route=\/wp\/v2\/users\/1"}],"replies":[{"embeddable":true,"href":"https:\/\/collectif-oxygene.fr\/index.php?rest_route=%2Fwp%2Fv2%2Fcomments&post=2842"}],"version-history":[{"count":15,"href":"https:\/\/collectif-oxygene.fr\/index.php?rest_route=\/wp\/v2\/posts\/2842\/revisions"}],"predecessor-version":[{"id":2890,"href":"https:\/\/collectif-oxygene.fr\/index.php?rest_route=\/wp\/v2\/posts\/2842\/revisions\/2890"}],"wp:attachment":[{"href":"https:\/\/collectif-oxygene.fr\/index.php?rest_route=%2Fwp%2Fv2%2Fmedia&parent=2842"}],"wp:term":[{"taxonomy":"category","embeddable":true,"href":"https:\/\/collectif-oxygene.fr\/index.php?rest_route=%2Fwp%2Fv2%2Fcategories&post=2842"},{"taxonomy":"post_tag","embeddable":true,"href":"https:\/\/collectif-oxygene.fr\/index.php?rest_route=%2Fwp%2Fv2%2Ftags&post=2842"}],"curies":[{"name":"wp","href":"https:\/\/api.w.org\/{rel}","templated":true}]}}