{"id":2749,"date":"2021-07-31T12:21:40","date_gmt":"2021-07-31T10:21:40","guid":{"rendered":"https:\/\/collectif-oxygene.fr\/?p=2749"},"modified":"2021-08-31T11:07:03","modified_gmt":"2021-08-31T09:07:03","slug":"plu-st-clement-de-riviere-oxylane-rejete-par-le-commissaire-enqueteur","status":"publish","type":"post","link":"https:\/\/collectif-oxygene.fr\/?p=2749","title":{"rendered":"PLU St Cl\u00e9ment-de-Rivi\u00e8re : Oxylane rejet\u00e9 par le Commissaire Enqu\u00eateur"},"content":{"rendered":"<p style=\"text-align: left;\" align=\"center\">Publications suite au communiqu\u00e9 : <a href=\"https:\/\/collectif-oxygene.fr\/?page_id=87\" target=\"_blank\" rel=\"noopener\">voir la page \u00ab\u00a0Dans les media\u00a0\u00bb<\/a><\/p>\n<h3 class=\"western\" style=\"text-align: center;\" align=\"center\"><b>Communiqu\u00e9 de Presse<\/b><\/h3>\n<p class=\"western\"><span style=\"font-family: georgia, palatino, serif;\"><span style=\"font-size: 12pt;\">L\u2019enqu\u00eate Publique sur le projet de PLU de Saint-Cl\u00e9ment-de-Rivi\u00e8re s\u2019est termin\u00e9e le 18 juin dernier, et le rapport du Commissaire Enqu\u00eateur vient d\u2019\u00eatre publi\u00e9. Le Collectif Oxyg\u00e8ne, oppos\u00e9 depuis bient\u00f4t 7 ans au projet Oxylane, se r\u00e9jouit des conclusions et avis motiv\u00e9 du Commissaire, favorable au PLU mais assorti de trois r\u00e9serves, dont l\u2019une porte pr\u00e9cis\u00e9ment sur le projet d\u2019installation de cette grande zone commerciale :<\/span> <\/span><\/p>\n<blockquote class=\"western\"><p><span style=\"font-family: georgia, palatino, serif; font-size: 12pt;\"><i><b>Le volet Oxylane doit \u00eatre retir\u00e9 du PLU, l\u2019OAP du secteur du \u00ab lotissement multi-activit\u00e9s Oxylane \u00bb doit \u00eatre supprim\u00e9e et les parcelles pr\u00e9vues pour la r\u00e9alisation du projet Oxylane, notamment les parcelles cadastrales BY17 et 50 et BZ 1,10,11,12,13 doivent \u00eatre class\u00e9es en secteurs agricoles ou naturels ; <\/b><\/i><\/span><\/p><\/blockquote>\n<p class=\"western\"><span style=\"font-family: georgia, palatino, serif; font-size: 12pt;\">Cette r\u00e9serve est motiv\u00e9e par le Commissaire qui a pris<i> <\/i>en consid\u00e9ration la balance entre les diff\u00e9rents aspects du projet. Pour les aspects n\u00e9gatifs, le rapport rel\u00e8ve \u00ab\u00a0<i>la consommation d\u2019espace agricole de qualit\u00e9<\/i>\u00a0\u00bb, \u00ab\u00a0<i>l\u2019impact sur le fonctionnement hydraulique de la zone et la ressource en eau\u00a0<\/i>\u00bb, \u00ab\u00a0 <i>l\u2019aggravation des conditions de circulation sur les voie d\u2019acc\u00e8s<\/i>\u00a0\u00bb, \u00ab\u00a0<i>la pression \u00e9conomique sur les entreprises locales du m\u00eame secteur d\u2019activit\u00e9<\/i>\u00a0\u00bb\u00a0; pour les aspects positifs, il constate que \u00ab\u00a0<i>Le seul \u00e9l\u00e9ment pr\u00e9sent\u00e9 comme positif par le porteur du projet est l\u2019impact \u00e9conomique et la <\/i><i>promesse de cr\u00e9ation d\u2019emplois (bien que celle-ci ne soit pas chiffr\u00e9e et ne fasse l\u2019objet d\u2019aucun engagement par les promoteurs des enseignes commerciales)\u00a0<\/i>\u00bb mais remarque ensuite que \u00ab<i>Toutes les \u00e9tudes r\u00e9centes d\u00e9montrent l\u2019affaiblissement de l\u2019impact \u00e9conomique des zones <\/i><i>commerciales implant\u00e9es en p\u00e9riph\u00e9ries des agglom\u00e9rations.<\/i>\u00a0\u00bb<\/span><\/p>\n<p class=\"western\"><span style=\"font-family: georgia, palatino, serif; font-size: 12pt;\">Nous saluons le travail remarquable effectu\u00e9 par le Commissaire Enqu\u00eateur qui, pour \u00e9tayer son analyse, s\u2019est appuy\u00e9, d\u2019une part sur les avis institutionnels des \u00ab Personnes Publiques Associ\u00e9es \u00bb et, d\u2019autre part, sur les tr\u00e8s nombreux avis argument\u00e9s qui ont \u00e9t\u00e9 d\u00e9pos\u00e9s par le public (1 252 observations concernant Oxylane, dont 1246 d\u00e9favorables et seulement 6 favorables). De toute \u00e9vidence, le Commissaire a \u00e9t\u00e9 sensible \u00e0 la qualit\u00e9 et \u00e0 la vari\u00e9t\u00e9 des arguments qui y \u00e9taient d\u00e9velopp\u00e9s. <a href=\"https:\/\/www.democratie-active.fr\/enquetepubliquestclementderiviere\/\" target=\"_blank\" rel=\"noopener\">Le rapport complet est disponible ici.<\/a><\/span><\/p>\n<p class=\"western\"><span style=\"font-family: georgia, palatino, serif; font-size: 12pt;\">Nous tenons \u00e0 souligner que cette participation exceptionnelle, en quantit\u00e9 comme en qualit\u00e9, traduit une vive pr\u00e9occupation face aux enjeux li\u00e9s au bouleversement climatique, et \u00e0 la n\u00e9cessit\u00e9 vitale de pr\u00e9server les terres agricoles et la biodiversit\u00e9.<i> <\/i>Elle montre une volont\u00e9 forte de sauvegarder un maillon essentiel de la ceinture verte de l\u2019espace p\u00e9ri-urbain montpelli\u00e9rain. Encore plus largement, elle fait appara\u00eetre ce projet comme embl\u00e9matique d\u2019erreurs d\u2019am\u00e9nagement du territoire encore trop fr\u00e9quentes.<\/span><\/p>\n<p class=\"western\"><span style=\"font-family: georgia, palatino, serif; font-size: 12pt;\">Nous sommes ainsi particuli\u00e8rement satisfaits de voir que ces arguments, que nous portons dans ce long combat avec un nombre toujours croissant de personnes<i>,<\/i> sont enfin reconnus et pris en compte dans une enqu\u00eate publique.<\/span><\/p>\n<p class=\"western\"><span style=\"font-family: georgia, palatino, serif; font-size: 12pt;\">La r\u00e9serve pos\u00e9e dans l\u2019avis favorable au PLU, met la commune de Saint-Cl\u00e9ment-de-Rivi\u00e8re au pied du mur, face \u00e0 ses responsabilit\u00e9s. Le Commissaire Enqu\u00eateur lui rappelle qu\u2019elle a aujourd\u2019hui la possibilit\u00e9 de \u00absortir par le haut\u00a0\u00bb de ce d\u00e9testable projet, et lui d\u00e9montre qu\u2019elle peut le faire en coh\u00e9rence avec le Code de l\u2019Urbanisme, et sans remettre en cause le reste du projet de PLU. La commune peut, et devra, tenir compte des conclusions sans appel du rapport d\u2019Enqu\u00eate Publique.<\/span><\/p>\n<p class=\"western\"><span style=\"font-family: georgia, palatino, serif; font-size: 12pt;\">Il serait incompr\u00e9hensible qu\u2019elle ne saisisse pas l\u2019occasion qui lui est offerte.<\/span><\/p>\n<p class=\"western\"><span style=\"font-family: georgia, palatino, serif;\"><span style=\"font-size: medium;\">Par ailleurs, de nombreux \u00e9lus communautaires, d\u00e9partementaux et r\u00e9gionaux partagent le sentiment que le projet Oxylane n\u2019est pas opportun. Nous souhaitons, qu\u2019avec leurs collectivit\u00e9s, ils apportent leur aide \u00e0 la commune de St Cl\u00e9ment-de-Rivi\u00e8re pour \u00ab\u00a0oublier\u00a0\u00bb Oxylane et pour d\u00e9velopper sur le site un projet nourricier agro\u00e9cologique en phase avec les besoins r\u00e9els de la population. <\/span><\/span><\/p>\n","protected":false},"excerpt":{"rendered":"<p>Publications suite au communiqu\u00e9 : voir la page \u00ab\u00a0Dans les media\u00a0\u00bb Communiqu\u00e9 de Presse L\u2019enqu\u00eate Publique sur le projet de PLU de Saint-Cl\u00e9ment-de-Rivi\u00e8re s\u2019est termin\u00e9e le 18 juin dernier, et le rapport du Commissaire Enqu\u00eateur vient d\u2019\u00eatre publi\u00e9. Le Collectif Oxyg\u00e8ne, oppos\u00e9 depuis bient\u00f4t 7 ans au projet Oxylane, se r\u00e9jouit des conclusions et avis [&hellip;]<\/p>\n","protected":false},"author":1,"featured_media":0,"comment_status":"open","ping_status":"open","sticky":false,"template":"","format":"standard","meta":{"footnotes":""},"categories":[12,5],"tags":[],"class_list":["post-2749","post","type-post","status-publish","format-standard","hentry","category-urba","category-enquete"],"jetpack_featured_media_url":"","_links":{"self":[{"href":"https:\/\/collectif-oxygene.fr\/index.php?rest_route=\/wp\/v2\/posts\/2749","targetHints":{"allow":["GET"]}}],"collection":[{"href":"https:\/\/collectif-oxygene.fr\/index.php?rest_route=\/wp\/v2\/posts"}],"about":[{"href":"https:\/\/collectif-oxygene.fr\/index.php?rest_route=\/wp\/v2\/types\/post"}],"author":[{"embeddable":true,"href":"https:\/\/collectif-oxygene.fr\/index.php?rest_route=\/wp\/v2\/users\/1"}],"replies":[{"embeddable":true,"href":"https:\/\/collectif-oxygene.fr\/index.php?rest_route=%2Fwp%2Fv2%2Fcomments&post=2749"}],"version-history":[{"count":6,"href":"https:\/\/collectif-oxygene.fr\/index.php?rest_route=\/wp\/v2\/posts\/2749\/revisions"}],"predecessor-version":[{"id":2760,"href":"https:\/\/collectif-oxygene.fr\/index.php?rest_route=\/wp\/v2\/posts\/2749\/revisions\/2760"}],"wp:attachment":[{"href":"https:\/\/collectif-oxygene.fr\/index.php?rest_route=%2Fwp%2Fv2%2Fmedia&parent=2749"}],"wp:term":[{"taxonomy":"category","embeddable":true,"href":"https:\/\/collectif-oxygene.fr\/index.php?rest_route=%2Fwp%2Fv2%2Fcategories&post=2749"},{"taxonomy":"post_tag","embeddable":true,"href":"https:\/\/collectif-oxygene.fr\/index.php?rest_route=%2Fwp%2Fv2%2Ftags&post=2749"}],"curies":[{"name":"wp","href":"https:\/\/api.w.org\/{rel}","templated":true}]}}