{"id":2685,"date":"2021-05-11T09:04:37","date_gmt":"2021-05-11T07:04:37","guid":{"rendered":"https:\/\/collectif-oxygene.fr\/?p=2685"},"modified":"2021-05-11T09:09:59","modified_gmt":"2021-05-11T07:09:59","slug":"la-marche-climat-du-9-mai-nous-y-etions","status":"publish","type":"post","link":"https:\/\/collectif-oxygene.fr\/?p=2685","title":{"rendered":"La marche climat du 9 mai : nous y \u00e9tions"},"content":{"rendered":"<p>Et nous avions de bonnes raisons d&rsquo;y \u00eatre, comme expliqu\u00e9 dans <a href=\"https:\/\/collectif-oxygene.fr\/?p=2679\" target=\"_blank\" rel=\"noopener\">notre pr\u00e9c\u00e9dent article<\/a>.<\/p>\n<p>Voici quelques images de cette belle marche, prises par nos adh\u00e9rentes actives, <strong>et une <a href=\"https:\/\/youtu.be\/ijvlDaK1fuY\" target=\"_blank\" rel=\"noopener\">video ici <\/a><\/strong>(2&rsquo;50) r\u00e9alis\u00e9e par nos \u00ab\u00a0\u00e9quipes\u00a0\u00bb de tournage et montage, qui vous feront (re)-vivre de beaux moments de cette marche !<\/p>\n<p><a href=\"https:\/\/collectif-oxygene.fr\/?attachment_id=2688\" rel=\"attachment wp-att-2688\"><img decoding=\"async\" class=\"alignnone wp-image-2688\" src=\"https:\/\/collectif-oxygene.fr\/wp-content\/uploads\/2021\/05\/20210509_143139-scaled.jpg\" alt=\"\" width=\"498\" height=\"374\" srcset=\"https:\/\/collectif-oxygene.fr\/wp-content\/uploads\/2021\/05\/20210509_143139-scaled.jpg 2560w, https:\/\/collectif-oxygene.fr\/wp-content\/uploads\/2021\/05\/20210509_143139-300x225.jpg 300w, https:\/\/collectif-oxygene.fr\/wp-content\/uploads\/2021\/05\/20210509_143139-1024x768.jpg 1024w, https:\/\/collectif-oxygene.fr\/wp-content\/uploads\/2021\/05\/20210509_143139-768x576.jpg 768w, https:\/\/collectif-oxygene.fr\/wp-content\/uploads\/2021\/05\/20210509_143139-1536x1152.jpg 1536w, https:\/\/collectif-oxygene.fr\/wp-content\/uploads\/2021\/05\/20210509_143139-2048x1536.jpg 2048w, https:\/\/collectif-oxygene.fr\/wp-content\/uploads\/2021\/05\/20210509_143139-624x468.jpg 624w\" sizes=\"(max-width: 498px) 100vw, 498px\" \/><\/a> <a href=\"https:\/\/collectif-oxygene.fr\/?attachment_id=2689\" rel=\"attachment wp-att-2689\"><img decoding=\"async\" class=\"alignnone wp-image-2689\" src=\"https:\/\/collectif-oxygene.fr\/wp-content\/uploads\/2021\/05\/20210509_152542-scaled.jpg\" alt=\"\" width=\"496\" height=\"372\" srcset=\"https:\/\/collectif-oxygene.fr\/wp-content\/uploads\/2021\/05\/20210509_152542-scaled.jpg 2560w, https:\/\/collectif-oxygene.fr\/wp-content\/uploads\/2021\/05\/20210509_152542-300x225.jpg 300w, https:\/\/collectif-oxygene.fr\/wp-content\/uploads\/2021\/05\/20210509_152542-1024x768.jpg 1024w, https:\/\/collectif-oxygene.fr\/wp-content\/uploads\/2021\/05\/20210509_152542-768x576.jpg 768w, https:\/\/collectif-oxygene.fr\/wp-content\/uploads\/2021\/05\/20210509_152542-1536x1152.jpg 1536w, https:\/\/collectif-oxygene.fr\/wp-content\/uploads\/2021\/05\/20210509_152542-2048x1536.jpg 2048w, https:\/\/collectif-oxygene.fr\/wp-content\/uploads\/2021\/05\/20210509_152542-624x468.jpg 624w\" sizes=\"(max-width: 496px) 100vw, 496px\" \/><\/a> <a href=\"https:\/\/collectif-oxygene.fr\/?attachment_id=2690\" rel=\"attachment wp-att-2690\"><img decoding=\"async\" class=\"alignnone wp-image-2690\" src=\"https:\/\/collectif-oxygene.fr\/wp-content\/uploads\/2021\/05\/fin-de-marche.jpg\" alt=\"\" width=\"500\" height=\"375\" srcset=\"https:\/\/collectif-oxygene.fr\/wp-content\/uploads\/2021\/05\/fin-de-marche.jpg 960w, https:\/\/collectif-oxygene.fr\/wp-content\/uploads\/2021\/05\/fin-de-marche-300x225.jpg 300w, https:\/\/collectif-oxygene.fr\/wp-content\/uploads\/2021\/05\/fin-de-marche-768x576.jpg 768w, https:\/\/collectif-oxygene.fr\/wp-content\/uploads\/2021\/05\/fin-de-marche-624x468.jpg 624w\" sizes=\"(max-width: 500px) 100vw, 500px\" \/><\/a> <a href=\"https:\/\/collectif-oxygene.fr\/?attachment_id=2691\" rel=\"attachment wp-att-2691\"><img decoding=\"async\" class=\"alignnone wp-image-2691\" src=\"https:\/\/collectif-oxygene.fr\/wp-content\/uploads\/2021\/05\/photo1.jpg\" alt=\"\" width=\"500\" height=\"375\" srcset=\"https:\/\/collectif-oxygene.fr\/wp-content\/uploads\/2021\/05\/photo1.jpg 960w, https:\/\/collectif-oxygene.fr\/wp-content\/uploads\/2021\/05\/photo1-300x225.jpg 300w, https:\/\/collectif-oxygene.fr\/wp-content\/uploads\/2021\/05\/photo1-768x576.jpg 768w, https:\/\/collectif-oxygene.fr\/wp-content\/uploads\/2021\/05\/photo1-624x468.jpg 624w\" sizes=\"(max-width: 500px) 100vw, 500px\" \/><\/a><\/p>\n","protected":false},"excerpt":{"rendered":"<p>Et nous avions de bonnes raisons d&rsquo;y \u00eatre, comme expliqu\u00e9 dans notre pr\u00e9c\u00e9dent article. Voici quelques images de cette belle marche, prises par nos adh\u00e9rentes actives, et une video ici (2&rsquo;50) r\u00e9alis\u00e9e par nos \u00ab\u00a0\u00e9quipes\u00a0\u00bb de tournage et montage, qui vous feront (re)-vivre de beaux moments de cette marche !<\/p>\n","protected":false},"author":1,"featured_media":0,"comment_status":"open","ping_status":"open","sticky":false,"template":"","format":"standard","meta":{"footnotes":""},"categories":[7,19,10],"tags":[],"class_list":["post-2685","post","type-post","status-publish","format-standard","hentry","category-actions","category-convergence-des-luttes","category-terrain"],"jetpack_featured_media_url":"","_links":{"self":[{"href":"https:\/\/collectif-oxygene.fr\/index.php?rest_route=\/wp\/v2\/posts\/2685","targetHints":{"allow":["GET"]}}],"collection":[{"href":"https:\/\/collectif-oxygene.fr\/index.php?rest_route=\/wp\/v2\/posts"}],"about":[{"href":"https:\/\/collectif-oxygene.fr\/index.php?rest_route=\/wp\/v2\/types\/post"}],"author":[{"embeddable":true,"href":"https:\/\/collectif-oxygene.fr\/index.php?rest_route=\/wp\/v2\/users\/1"}],"replies":[{"embeddable":true,"href":"https:\/\/collectif-oxygene.fr\/index.php?rest_route=%2Fwp%2Fv2%2Fcomments&post=2685"}],"version-history":[{"count":3,"href":"https:\/\/collectif-oxygene.fr\/index.php?rest_route=\/wp\/v2\/posts\/2685\/revisions"}],"predecessor-version":[{"id":2692,"href":"https:\/\/collectif-oxygene.fr\/index.php?rest_route=\/wp\/v2\/posts\/2685\/revisions\/2692"}],"wp:attachment":[{"href":"https:\/\/collectif-oxygene.fr\/index.php?rest_route=%2Fwp%2Fv2%2Fmedia&parent=2685"}],"wp:term":[{"taxonomy":"category","embeddable":true,"href":"https:\/\/collectif-oxygene.fr\/index.php?rest_route=%2Fwp%2Fv2%2Fcategories&post=2685"},{"taxonomy":"post_tag","embeddable":true,"href":"https:\/\/collectif-oxygene.fr\/index.php?rest_route=%2Fwp%2Fv2%2Ftags&post=2685"}],"curies":[{"name":"wp","href":"https:\/\/api.w.org\/{rel}","templated":true}]}}